{"id":4860,"date":"2024-05-14T08:20:09","date_gmt":"2024-05-14T08:20:09","guid":{"rendered":"https:\/\/aivolution.knower.pt\/?p=4860"},"modified":"2024-05-14T15:21:23","modified_gmt":"2024-05-14T15:21:23","slug":"the-5-main-dimensions-of-artificial-intelligence-in-healthcare-7","status":"publish","type":"post","link":"https:\/\/aivolution.knower.pt\/en\/joao-ribeiro-da-costa-confirmado\/","title":{"rendered":"Jo\u00e3o Ribeiro da Costa confirmed as a speaker at AIV\u00d8LUT1\u00d8N 2024"},"content":{"rendered":"<div data-elementor-type=\"wp-post\" data-elementor-id=\"4860\" class=\"elementor elementor-4860\" data-elementor-settings=\"{&quot;ha_cmc_init_switcher&quot;:&quot;no&quot;}\">\n\t\t\t\t\t\t<section class=\"elementor-section elementor-top-section elementor-element elementor-element-f6155fb elementor-section-full_width elementor-section-height-default elementor-section-height-default wpr-particle-no wpr-jarallax-no wpr-parallax-no wpr-sticky-section-no wpr-equal-height-no\" data-id=\"f6155fb\" data-element_type=\"section\" data-e-type=\"section\" data-settings=\"{&quot;_ha_eqh_enable&quot;:false}\">\n\t\t\t\t\t\t<div class=\"elementor-container elementor-column-gap-default\">\n\t\t\t\t\t<div class=\"elementor-column elementor-col-100 elementor-top-column elementor-element elementor-element-59a46a6\" data-id=\"59a46a6\" data-element_type=\"column\" data-e-type=\"column\">\n\t\t\t<div class=\"elementor-widget-wrap elementor-element-populated\">\n\t\t\t\t\t\t<div class=\"elementor-element elementor-element-74e964b elementor-widget elementor-widget-conat_blog_details\" data-id=\"74e964b\" data-element_type=\"widget\" data-e-type=\"widget\" data-widget_type=\"conat_blog_details.default\">\n\t\t\t\t<div class=\"elementor-widget-container\">\n\t\t\t\t\t        \r\n        <p>_AIV\u00d8LUT1\u00d8N_ opens its doors for a pioneering debate on the advances of artificial intelligence and the impact on the future of work, with the special participation of Jo\u00e3o Ribeiro da Costa , Head of Digital Transformation and Programme Director at Cat\u00f3lica Lisbon School of Business and Economics (Powered by BP)<\/p>        \r\n                \r\n        <div class=\"two-column\">\r\n            <div class=\"row clearfix\">\r\n                <div class=\"col-lg-6 col-md-6 col-sm-6\">\r\n                                    <\/div>\r\n                <div class=\"col-lg-6 col-md-6 col-sm-6\">\r\n                                    <\/div>\r\n            <\/div>\r\n        <\/div>\r\n        <p> <p><strong>AIV\u00d8LUT1\u00d8N<\/strong>, a leading event on digital transformation and artificial intelligence for companies, is pleased to announce Jo\u00e3o Ribeiro da Costa, Senior Affiliated Professor and Head of Digital Transformation at Cat\u00f3lica-Lisbon (Powered by BP), as one of the speakers at the first round table entitled \"Talent, Workforce Development and Responsible AI\".<\/p>\n\n    <p>With a distinguished career spanning three decades in information technology and two decades in entrepreneurship, Jo\u00e3o currently focuses his attention and expertise on the domain of digital transformation. He is a renowned academic, contributing to the education and training of future leaders through degree programmes, international and executive masters, as well as MBAs.<\/p>\n\n    <p>The roundtable will explore the enormous potential of AI to reshape the global economy, with a special focus on the most advanced economies, as well as early adopters, who are experiencing both the benefits and the challenges of this disruptive technology.<\/p>\n\n    <p>Tickets for the <strong>AIV\u00d8LUT1\u00d8N<\/strong> are already available via the event's website - &lt;a href=&quot;https:\/\/aivolution.knower.pt\/&quot; target=&quot;_blank&quot;https:\/\/blueticket.meo.pt\/Event\/10571\/\/<\/a> - or on Meo BlueTicket.<\/p>\n<\/p>\r\n        \r\n        \t\t\t\t<\/div>\n\t\t\t\t<\/div>\n\t\t\t\t\t<\/div>\n\t\t<\/div>\n\t\t\t\t\t<\/div>\n\t\t<\/section>\n\t\t\t\t<\/div>","protected":false},"excerpt":{"rendered":"<p>AIV\u00d8LUT1\u00d8N_ opens its doors for a pioneering debate on the advances of artificial intelligence and the impact on the future of work, with the special participation of Jo\u00e3o Ribeiro da Costa , Head of Digital Transformation and Programme Director at Cat\u00f3lica Lisbon School of Business and Economics (Powered by BP) AIV\u00d8LUT1\u00d8N, the leading event on digital transformation and artificial intelligence for businesses, is pleased to announce Jo\u00e3o Ribeiro da Costa, Senior Affiliated Professor and Head of Digital Transformation at Cat\u00f3lica Lisbon School of Business and Economics (Powered by BP), as one of the speakers at the first round table entitled \"Talent, Workforce Development and Responsible AI\". With a distinguished career spanning three decades in information technology and two decades in entrepreneurship, Jo\u00e3o currently focuses his attention and expertise on the domain of digital transformation. He is a renowned academic, contributing to the education and training of future leaders through undergraduate programmes, international and executive masters, as well as MBAs. The roundtable will explore the enormous potential of AI to reshape the global economy, with a special focus on the most advanced economies, as well as early adopters, who are experiencing both the benefits and the challenges of this disruptive technology. Tickets for AIV\u00d8LUT1\u00d8N are now available via the event's website - &lt;a href=&quot;https:\/\/aivolution.knower.pt\/&quot; target=&quot;_blank&quot;https:\/\/blueticket.meo.pt\/Event\/10571\/\/ - or at Meo BlueTicket.<\/p>","protected":false},"author":2,"featured_media":4861,"comment_status":"closed","ping_status":"closed","sticky":false,"template":"","format":"standard","meta":{"footnotes":""},"categories":[2],"tags":[39,7,9,38,37],"class_list":["post-4860","post","type-post","status-publish","format-standard","has-post-thumbnail","hentry","category-blog-classic","tag-_aivolut1on_","tag-conference","tag-digital","tag-inteligencia-artificial","tag-transformacao-digital"],"_links":{"self":[{"href":"https:\/\/aivolution.knower.pt\/en\/wp-json\/wp\/v2\/posts\/4860","targetHints":{"allow":["GET"]}}],"collection":[{"href":"https:\/\/aivolution.knower.pt\/en\/wp-json\/wp\/v2\/posts"}],"about":[{"href":"https:\/\/aivolution.knower.pt\/en\/wp-json\/wp\/v2\/types\/post"}],"author":[{"embeddable":true,"href":"https:\/\/aivolution.knower.pt\/en\/wp-json\/wp\/v2\/users\/2"}],"replies":[{"embeddable":true,"href":"https:\/\/aivolution.knower.pt\/en\/wp-json\/wp\/v2\/comments?post=4860"}],"version-history":[{"count":10,"href":"https:\/\/aivolution.knower.pt\/en\/wp-json\/wp\/v2\/posts\/4860\/revisions"}],"predecessor-version":[{"id":4872,"href":"https:\/\/aivolution.knower.pt\/en\/wp-json\/wp\/v2\/posts\/4860\/revisions\/4872"}],"wp:featuredmedia":[{"embeddable":true,"href":"https:\/\/aivolution.knower.pt\/en\/wp-json\/wp\/v2\/media\/4861"}],"wp:attachment":[{"href":"https:\/\/aivolution.knower.pt\/en\/wp-json\/wp\/v2\/media?parent=4860"}],"wp:term":[{"taxonomy":"category","embeddable":true,"href":"https:\/\/aivolution.knower.pt\/en\/wp-json\/wp\/v2\/categories?post=4860"},{"taxonomy":"post_tag","embeddable":true,"href":"https:\/\/aivolution.knower.pt\/en\/wp-json\/wp\/v2\/tags?post=4860"}],"curies":[{"name":"wp","href":"https:\/\/api.w.org\/{rel}","templated":true}]}}